{"id":6367,"date":"2026-09-02T15:56:24","date_gmt":"2026-09-02T18:56:24","guid":{"rendered":"https:\/\/www.djamilaribeiro.com.br\/desde-junho-nove-cidades-ja-receberam-o-lancamento-da-nova-edicao-de-lugar-de-fala\/"},"modified":"2026-09-02T17:38:33","modified_gmt":"2026-09-02T20:38:33","slug":"depuis-juin-neuf-villes-ont-deja-accueilli-lancement-nouvelle-edition-lugar-de-fala","status":"publish","type":"post","link":"https:\/\/www.djamilaribeiro.com.br\/fr\/depuis-juin-neuf-villes-ont-deja-accueilli-lancement-nouvelle-edition-lugar-de-fala\/","title":{"rendered":"Depuis juin, neuf villes ont d\u00e9j\u00e0 accueilli le lancement de la nouvelle \u00e9dition de Lugar de Fala"},"content":{"rendered":"<p dir=\"ltr\"><em>D&#8217;ici \u00e0 la fin de l&#8217;ann\u00e9e, la tourn\u00e9e de Djamila Ribeiro passera par Curitiba, Porto Alegre, Florian\u00f3polis, Salvador, S\u00e3o Paulo, Ribeir\u00e3o Preto, Fortaleza et Recife<\/em><\/p>\n<p dir=\"ltr\">Djamila Ribeiro a d\u00e9j\u00e0 pr\u00e9sent\u00e9 la nouvelle \u00e9dition de Lugar de Fala (La place de la parole noire) dans neuf villes br\u00e9siliennes depuis le mois de juin, au fil d&#8217;un parcours qui l&#8217;a men\u00e9e dans des librairies, des universit\u00e9s, des festivals litt\u00e9raires, des th\u00e9\u00e2tres et des institutions publiques. S\u00e3o Paulo, Santos, Belo Horizonte, Paraty, Rio de Janeiro, Bras\u00edlia, Bel\u00e9m, Colatina et Vit\u00f3ria ont accueilli des rencontres autour de l&#8217;ouvrage, publi\u00e9 cette ann\u00e9e dans une version revue et augment\u00e9e chez Rosa dos Tempos. D&#8217;ici \u00e0 d\u00e9cembre, huit autres villes figurent au programme, prolongeant une tourn\u00e9e qui remet au c\u0153ur du d\u00e9bat public un concept ayant d\u00e9pass\u00e9 les fronti\u00e8res de la philosophie pour entrer dans le vocabulaire courant au Br\u00e9sil.<\/p>\n<p dir=\"ltr\">Cette nouvelle \u00e9dition compte 476 pages et quatre chapitres in\u00e9dits, auxquels s&#8217;ajoutent des donn\u00e9es actualis\u00e9es, de nouvelles r\u00e9f\u00e9rences intellectuelles et des r\u00e9flexions d\u00e9velopp\u00e9es par Djamila au fil des ann\u00e9es qui ont suivi la premi\u00e8re publication. L&#8217;ouvrage est pr\u00e9fac\u00e9 par l&#8217;\u00e9crivaine nig\u00e9riane Chimamanda Ngozi Adichie et pr\u00e9sent\u00e9 par Grada Kilomba. Sa parution marque \u00e9galement une nouvelle \u00e9tape pour la Cole\u00e7\u00e3o Feminismos Plurais (Collection F\u00e9minismes pluriels), projet \u00e9ditorial cr\u00e9\u00e9 par Djamila en 2017 afin de favoriser la diffusion de la production intellectuelle de groupes historiquement marginalis\u00e9s.<\/p>\n<p dir=\"ltr\">La premi\u00e8re rencontre s&#8217;est tenue le 9 juin \u00e0 l&#8217;Espa\u00e7o Feminismos Plurais (Espace F\u00e9minismes pluriels), \u00e0 S\u00e3o Paulo. Le public a rempli ce lieu particuli\u00e8rement symbolique dans le parcours de Djamila et de la Collection.<\/p>\n<p dir=\"ltr\">Deux semaines plus tard, le 25 juin, la philosophe est retourn\u00e9e \u00e0 Santos, sa ville natale, pour donner une conf\u00e9rence inaugurale \u00e0 l&#8217;Universidade Federal de S\u00e3o Paulo (Universit\u00e9 f\u00e9d\u00e9rale de S\u00e3o Paulo \u2014 Unifesp), sur le campus de Baixada Santista. Identit\u00e9, repr\u00e9sentation, production des savoirs et participation sociale figuraient parmi les th\u00e8mes abord\u00e9s lors du lancement.<\/p>\n<p dir=\"ltr\">Belo Horizonte a \u00e9t\u00e9 la troisi\u00e8me ville \u00e0 accueillir la nouvelle \u00e9dition. Le 13 juillet, Djamila a donn\u00e9 le coup d&#8217;envoi des c\u00e9l\u00e9brations des 40 ans du projet Sempre um Papo (Toujours une conversation), dans l&#8217;auditorium du Tribunal de Contas do Estado de Minas Gerais (Cour des comptes de l&#8217;\u00c9tat de Minas Gerais \u2014 TCEMG). La salle \u00e9tait comble pour cette rencontre anim\u00e9e par le journaliste et responsable culturel Afonso Borges. La soir\u00e9e a \u00e9galement \u00e9t\u00e9 marqu\u00e9e par la pr\u00e9sence surprise de l&#8217;immense Concei\u00e7\u00e3o Evaristo, venue participer \u00e0 cet \u00e9change consacr\u00e9 \u00e0 la litt\u00e9rature et \u00e0 la pens\u00e9e critique.<\/p>\n<p dir=\"ltr\">Lugar de Fala a ensuite rejoint la Festa Liter\u00e1ria Internacional de Paraty (Festival litt\u00e9raire international de Paraty \u2014 Flip). Djamila a particip\u00e9 \u00e0 trois rencontres au cours du festival et, le 24 juillet, a fait salle comble \u00e0 la CasaFolha. Pendant la Flip, elle a \u00e9galement annonc\u00e9 l&#8217;un de ses nouveaux projets : un ouvrage consacr\u00e9 aux groupes dits \u00ab red pills \u00bb et aux m\u00e9canismes de diffusion des discours misogynes aupr\u00e8s des jeunes, notamment sur Internet.<\/p>\n<p dir=\"ltr\">\u00c0 Rio de Janeiro, le livre a rencontr\u00e9 l&#8217;un de ses publics les plus nombreux. Le 2 ao\u00fbt, plus de 1 200 personnes se sont rendues au Teatro Citt\u00e0 (Th\u00e9\u00e2tre Citt\u00e0), \u00e0 Barra da Tijuca, pour inaugurer le partenariat avec Alma Talks dans le cadre de la s\u00e9rie de rencontres de la tourn\u00e9e nationale de Lugar de Fala. \u00c0 cette occasion, Djamila a notamment soulign\u00e9 la pr\u00e9sence d&#8217;une d\u00e9l\u00e9gation du Sindicato das Trabalhadoras Dom\u00e9sticas (Syndicat des travailleuses domestiques).<\/p>\n<p dir=\"ltr\">Un d\u00e9tail m\u00e9rite d&#8217;\u00eatre soulign\u00e9 : la rencontre s&#8217;est tenue pr\u00e8s de neuf ans apr\u00e8s le lancement \u00e0 Rio de la premi\u00e8re \u00e9dition, qui avait r\u00e9uni plus de 3 000 personnes dans le quartier de Lapa en 2017.<\/p>\n<p dir=\"ltr\">Trois jours plus tard, Djamila a retrouv\u00e9 ses lecteurs \u00e0 Rio. Le 5 ao\u00fbt, elle a particip\u00e9 \u00e0 une conversation au Shopping da G\u00e1vea (Centre commercial de G\u00e1vea), anim\u00e9e par la journaliste et \u00e9crivaine Yasmin Santos, avant une s\u00e9ance de d\u00e9dicaces \u00e0 la Janela Livraria (Librairie Janela).<\/p>\n<p dir=\"ltr\">Bras\u00edlia a accueilli le lancement le 22 ao\u00fbt, dans le cadre de la 6\u00aa Bienal Internacional do Livro de Bras\u00edlia (6e Biennale internationale du livre de Bras\u00edlia), dans l&#8217;espace ext\u00e9rieur du Museu Nacional da Rep\u00fablica (Mus\u00e9e national de la R\u00e9publique). Le public a rempli les lieux pour assister \u00e0 la table ronde \u00ab Democracia, Diversidade e Representatividade \u00bb (\u00ab D\u00e9mocratie, diversit\u00e9 et repr\u00e9sentativit\u00e9 \u00bb), au cours de laquelle Djamila a \u00e9voqu\u00e9 les obstacles qui tiennent encore la diversit\u00e9 raciale et sociale du pays \u00e0 l&#8217;\u00e9cart des espaces o\u00f9 se prennent les d\u00e9cisions et o\u00f9 se produit le savoir, rappelant que pr\u00e8s de quatre si\u00e8cles d&#8217;esclavage ont fa\u00e7onn\u00e9 un point de d\u00e9part in\u00e9gal que la d\u00e9mocratie br\u00e9silienne n&#8217;a pas encore surmont\u00e9. La s\u00e9ance de d\u00e9dicaces qui a suivi a dur\u00e9 plus d&#8217;une heure et demie !<\/p>\n<p dir=\"ltr\">Le parcours s&#8217;est poursuivi \u00e0 Bel\u00e9m. Le 25 ao\u00fbt, la Livraria Leitura (Librairie Leitura) du Boulevard Shopping a accueilli une s\u00e9ance de d\u00e9dicaces particuli\u00e8rement suivie. Djamila a \u00e9voqu\u00e9 ses pr\u00e9c\u00e9dents s\u00e9jours dans la capitale du Par\u00e1 et s&#8217;est r\u00e9jouie d&#8217;y revenir pour pr\u00e9senter la version augment\u00e9e de son livre. Le lendemain, elle a particip\u00e9 \u00e0 la II Jornada de Boas Pr\u00e1ticas para a Equidade Racial (IIe Journ\u00e9e des bonnes pratiques pour l&#8217;\u00e9quit\u00e9 raciale), organis\u00e9e par le Tribunal de Contas do Estado do Par\u00e1 (Cour des comptes de l&#8217;\u00c9tat du Par\u00e1 \u2014 TCE-PA), prolongeant ainsi le dialogue entre les r\u00e9flexions d\u00e9velopp\u00e9es dans l&#8217;ouvrage et les initiatives institutionnelles de lutte contre les in\u00e9galit\u00e9s raciales.<\/p>\n<p dir=\"ltr\">Les deux derni\u00e8res rencontres du mois d&#8217;ao\u00fbt ont eu lieu dans l&#8217;Esp\u00edrito Santo. Le 29 ao\u00fbt, Djamila s&#8217;est rendue \u00e0 Colatina pour participer au Sapion Summit, o\u00f9 elle a donn\u00e9 la conf\u00e9rence \u00ab Lugar de fala e educa\u00e7\u00e3o para as rela\u00e7\u00f5es \u00e9tnico-raciais \u00bb (\u00ab La place de la parole et \u00e9ducation aux relations ethno-raciales \u00bb), suivie d&#8217;une s\u00e9ance de d\u00e9dicaces. Il s&#8217;agissait de la premi\u00e8re apparition publique de la philosophe dans la ville !<\/p>\n<p dir=\"ltr\">Vit\u00f3ria a compl\u00e9t\u00e9, le 31 ao\u00fbt, la liste des neuf villes ayant d\u00e9j\u00e0 accueilli le lancement. Les rendez-vous de Colatina et de la capitale de l&#8217;\u00c9tat ont marqu\u00e9 les premi\u00e8res apparitions publiques de l&#8217;autrice dans l&#8217;Esp\u00edrito Santo depuis la publication de la premi\u00e8re \u00e9dition de Lugar de Fala en 2017.<\/p>\n<p dir=\"ltr\">La diversit\u00e9 des lieux parcourus depuis juin permet de mesurer l&#8217;ampleur prise par le livre. Cette tourn\u00e9e offre \u00e9galement l&#8217;occasion de revenir directement avec le public sur un concept entr\u00e9 dans le vocabulaire br\u00e9silien, mais qui a aussi fait l&#8217;objet, au fil du temps, de simplifications \u00e9loign\u00e9es de sa formulation initiale.<\/p>\n<p dir=\"ltr\">La tourn\u00e9e se poursuivra jusqu&#8217;en d\u00e9cembre !<\/p>\n<p dir=\"ltr\">En septembre, elle passera par Curitiba le 15, Porto Alegre le 16 et Florian\u00f3polis le 27.<\/p>\n<p dir=\"ltr\">En octobre, ce sera au tour de Salvador d&#8217;accueillir Djamila, le 10. En novembre, des rencontres sont pr\u00e9vues \u00e0 S\u00e3o Paulo le 8, \u00e0 Ribeir\u00e3o Preto le 11 et \u00e0 Fortaleza le 26. Recife cl\u00f4turera le calendrier annonc\u00e9 le 6 d\u00e9cembre.<\/p>\n<p dir=\"ltr\"><em>Traduit par IA<\/em><\/p>\n","protected":false},"excerpt":{"rendered":"<p>D&#8217;ici \u00e0 la fin de l&#8217;ann\u00e9e, la tourn\u00e9e de Djamila Ribeiro passera par Curitiba, Porto Alegre, Florian\u00f3polis, Salvador, S\u00e3o Paulo, Ribeir\u00e3o Preto, Fortaleza et Recife Djamila Ribeiro a d\u00e9j\u00e0 pr\u00e9sent\u00e9 la nouvelle \u00e9dition de Lugar de Fala (La place de la parole noire) dans neuf villes br\u00e9siliennes depuis le mois de juin, au fil d&#8217;un [&hellip;]<\/p>\n","protected":false},"author":1,"featured_media":6375,"comment_status":"open","ping_status":"open","sticky":false,"template":"","format":"standard","meta":{"inline_featured_image":false},"categories":[785],"tags":[2140,940,2009,969,1160,939,1429,975,1237,971,1917,2440,2438],"acf":[],"yoast_head":"<!-- This site is optimized with the Yoast SEO plugin v20.5 - https:\/\/yoast.com\/wordpress\/plugins\/seo\/ -->\n<title>Depuis juin, neuf villes ont d\u00e9j\u00e0 accueilli le lancement de la nouvelle \u00e9dition de Lugar de Fala - Djamila Ribeiro<\/title>\n<meta name=\"description\" content=\"La nouvelle \u00e9dition de \u00ab Lugar de Fala \u00bb parcourt le Br\u00e9sil : librairies, universit\u00e9s et festivals, jusqu&#039;en d\u00e9cembre.\" \/>\n<meta name=\"robots\" content=\"index, follow, max-snippet:-1, max-image-preview:large, max-video-preview:-1\" \/>\n<link rel=\"canonical\" href=\"https:\/\/www.djamilaribeiro.com.br\/fr\/depuis-juin-neuf-villes-ont-deja-accueilli-lancement-nouvelle-edition-lugar-de-fala\/\" \/>\n<meta property=\"og:locale\" content=\"pt_BR\" \/>\n<meta property=\"og:type\" content=\"article\" \/>\n<meta property=\"og:title\" content=\"Depuis juin, neuf villes ont d\u00e9j\u00e0 accueilli le lancement de la nouvelle \u00e9dition de Lugar de Fala - Djamila Ribeiro\" \/>\n<meta property=\"og:description\" content=\"La nouvelle \u00e9dition de \u00ab Lugar de Fala \u00bb parcourt le Br\u00e9sil : librairies, universit\u00e9s et festivals, jusqu&#039;en d\u00e9cembre.\" \/>\n<meta property=\"og:url\" content=\"https:\/\/www.djamilaribeiro.com.br\/fr\/depuis-juin-neuf-villes-ont-deja-accueilli-lancement-nouvelle-edition-lugar-de-fala\/\" \/>\n<meta property=\"og:site_name\" content=\"Djamila Ribeiro\" \/>\n<meta property=\"article:published_time\" content=\"2026-09-02T18:56:24+00:00\" \/>\n<meta property=\"article:modified_time\" content=\"2026-09-02T20:38:33+00:00\" \/>\n<meta property=\"og:image\" content=\"https:\/\/www.djamilaribeiro.com.br\/wp-content\/uploads\/2026\/09\/nove-cidades.jpeg\" \/>\n\t<meta property=\"og:image:width\" content=\"1599\" \/>\n\t<meta property=\"og:image:height\" content=\"1599\" \/>\n\t<meta property=\"og:image:type\" content=\"image\/jpeg\" \/>\n<meta name=\"author\" content=\"Reda\u00e7\u00e3o\" \/>\n<meta name=\"twitter:card\" content=\"summary_large_image\" \/>\n<meta name=\"twitter:label1\" content=\"Escrito por\" \/>\n\t<meta name=\"twitter:data1\" content=\"Reda\u00e7\u00e3o\" \/>\n\t<meta name=\"twitter:label2\" content=\"Est. tempo de leitura\" \/>\n\t<meta name=\"twitter:data2\" content=\"7 minutos\" \/>\n<script type=\"application\/ld+json\" class=\"yoast-schema-graph\">{\"@context\":\"https:\/\/schema.org\",\"@graph\":[{\"@type\":\"WebPage\",\"@id\":\"https:\/\/www.djamilaribeiro.com.br\/fr\/depuis-juin-neuf-villes-ont-deja-accueilli-lancement-nouvelle-edition-lugar-de-fala\/\",\"url\":\"https:\/\/www.djamilaribeiro.com.br\/fr\/depuis-juin-neuf-villes-ont-deja-accueilli-lancement-nouvelle-edition-lugar-de-fala\/\",\"name\":\"Depuis juin, neuf villes ont d\u00e9j\u00e0 accueilli le lancement de la nouvelle \u00e9dition de Lugar de Fala - Djamila Ribeiro\",\"isPartOf\":{\"@id\":\"https:\/\/www.djamilaribeiro.com.br\/#website\"},\"datePublished\":\"2026-09-02T18:56:24+00:00\",\"dateModified\":\"2026-09-02T20:38:33+00:00\",\"author\":{\"@id\":\"https:\/\/www.djamilaribeiro.com.br\/#\/schema\/person\/a928f404cf733e4c62686bedd437b9ee\"},\"description\":\"La nouvelle \u00e9dition de \u00ab Lugar de Fala \u00bb parcourt le Br\u00e9sil : librairies, universit\u00e9s et festivals, jusqu'en d\u00e9cembre.\",\"breadcrumb\":{\"@id\":\"https:\/\/www.djamilaribeiro.com.br\/fr\/depuis-juin-neuf-villes-ont-deja-accueilli-lancement-nouvelle-edition-lugar-de-fala\/#breadcrumb\"},\"inLanguage\":\"pt-BR\",\"potentialAction\":[{\"@type\":\"ReadAction\",\"target\":[\"https:\/\/www.djamilaribeiro.com.br\/fr\/depuis-juin-neuf-villes-ont-deja-accueilli-lancement-nouvelle-edition-lugar-de-fala\/\"]}]},{\"@type\":\"BreadcrumbList\",\"@id\":\"https:\/\/www.djamilaribeiro.com.br\/fr\/depuis-juin-neuf-villes-ont-deja-accueilli-lancement-nouvelle-edition-lugar-de-fala\/#breadcrumb\",\"itemListElement\":[{\"@type\":\"ListItem\",\"position\":1,\"name\":\"In\u00edcio\",\"item\":\"https:\/\/www.djamilaribeiro.com.br\/fr\/\"},{\"@type\":\"ListItem\",\"position\":2,\"name\":\"Depuis juin, neuf villes ont d\u00e9j\u00e0 accueilli le lancement de la nouvelle \u00e9dition de Lugar de Fala\"}]},{\"@type\":\"WebSite\",\"@id\":\"https:\/\/www.djamilaribeiro.com.br\/#website\",\"url\":\"https:\/\/www.djamilaribeiro.com.br\/\",\"name\":\"Djamila Ribeiro\",\"description\":\"\",\"potentialAction\":[{\"@type\":\"SearchAction\",\"target\":{\"@type\":\"EntryPoint\",\"urlTemplate\":\"https:\/\/www.djamilaribeiro.com.br\/?s={search_term_string}\"},\"query-input\":\"required name=search_term_string\"}],\"inLanguage\":\"pt-BR\"},{\"@type\":\"Person\",\"@id\":\"https:\/\/www.djamilaribeiro.com.br\/#\/schema\/person\/a928f404cf733e4c62686bedd437b9ee\",\"name\":\"Reda\u00e7\u00e3o\",\"image\":{\"@type\":\"ImageObject\",\"inLanguage\":\"pt-BR\",\"@id\":\"https:\/\/www.djamilaribeiro.com.br\/#\/schema\/person\/image\/\",\"url\":\"https:\/\/secure.gravatar.com\/avatar\/e22ea52208b383d899430021cb4ecf26?s=96&d=mm&r=g\",\"contentUrl\":\"https:\/\/secure.gravatar.com\/avatar\/e22ea52208b383d899430021cb4ecf26?s=96&d=mm&r=g\",\"caption\":\"Reda\u00e7\u00e3o\"},\"sameAs\":[\"https:\/\/localhost\"],\"url\":\"https:\/\/www.djamilaribeiro.com.br\/fr\/author\/djamila\/\"}]}<\/script>\n<!-- \/ Yoast SEO plugin. -->","yoast_head_json":{"title":"Depuis juin, neuf villes ont d\u00e9j\u00e0 accueilli le lancement de la nouvelle \u00e9dition de Lugar de Fala - Djamila Ribeiro","description":"La nouvelle \u00e9dition de \u00ab Lugar de Fala \u00bb parcourt le Br\u00e9sil : librairies, universit\u00e9s et festivals, jusqu'en d\u00e9cembre.","robots":{"index":"index","follow":"follow","max-snippet":"max-snippet:-1","max-image-preview":"max-image-preview:large","max-video-preview":"max-video-preview:-1"},"canonical":"https:\/\/www.djamilaribeiro.com.br\/fr\/depuis-juin-neuf-villes-ont-deja-accueilli-lancement-nouvelle-edition-lugar-de-fala\/","og_locale":"pt_BR","og_type":"article","og_title":"Depuis juin, neuf villes ont d\u00e9j\u00e0 accueilli le lancement de la nouvelle \u00e9dition de Lugar de Fala - Djamila Ribeiro","og_description":"La nouvelle \u00e9dition de \u00ab Lugar de Fala \u00bb parcourt le Br\u00e9sil : librairies, universit\u00e9s et festivals, jusqu'en d\u00e9cembre.","og_url":"https:\/\/www.djamilaribeiro.com.br\/fr\/depuis-juin-neuf-villes-ont-deja-accueilli-lancement-nouvelle-edition-lugar-de-fala\/","og_site_name":"Djamila Ribeiro","article_published_time":"2026-09-02T18:56:24+00:00","article_modified_time":"2026-09-02T20:38:33+00:00","og_image":[{"width":1599,"height":1599,"url":"https:\/\/www.djamilaribeiro.com.br\/wp-content\/uploads\/2026\/09\/nove-cidades.jpeg","type":"image\/jpeg"}],"author":"Reda\u00e7\u00e3o","twitter_card":"summary_large_image","twitter_misc":{"Escrito por":"Reda\u00e7\u00e3o","Est. tempo de leitura":"7 minutos"},"schema":{"@context":"https:\/\/schema.org","@graph":[{"@type":"WebPage","@id":"https:\/\/www.djamilaribeiro.com.br\/fr\/depuis-juin-neuf-villes-ont-deja-accueilli-lancement-nouvelle-edition-lugar-de-fala\/","url":"https:\/\/www.djamilaribeiro.com.br\/fr\/depuis-juin-neuf-villes-ont-deja-accueilli-lancement-nouvelle-edition-lugar-de-fala\/","name":"Depuis juin, neuf villes ont d\u00e9j\u00e0 accueilli le lancement de la nouvelle \u00e9dition de Lugar de Fala - Djamila Ribeiro","isPartOf":{"@id":"https:\/\/www.djamilaribeiro.com.br\/#website"},"datePublished":"2026-09-02T18:56:24+00:00","dateModified":"2026-09-02T20:38:33+00:00","author":{"@id":"https:\/\/www.djamilaribeiro.com.br\/#\/schema\/person\/a928f404cf733e4c62686bedd437b9ee"},"description":"La nouvelle \u00e9dition de \u00ab Lugar de Fala \u00bb parcourt le Br\u00e9sil : librairies, universit\u00e9s et festivals, jusqu'en d\u00e9cembre.","breadcrumb":{"@id":"https:\/\/www.djamilaribeiro.com.br\/fr\/depuis-juin-neuf-villes-ont-deja-accueilli-lancement-nouvelle-edition-lugar-de-fala\/#breadcrumb"},"inLanguage":"pt-BR","potentialAction":[{"@type":"ReadAction","target":["https:\/\/www.djamilaribeiro.com.br\/fr\/depuis-juin-neuf-villes-ont-deja-accueilli-lancement-nouvelle-edition-lugar-de-fala\/"]}]},{"@type":"BreadcrumbList","@id":"https:\/\/www.djamilaribeiro.com.br\/fr\/depuis-juin-neuf-villes-ont-deja-accueilli-lancement-nouvelle-edition-lugar-de-fala\/#breadcrumb","itemListElement":[{"@type":"ListItem","position":1,"name":"In\u00edcio","item":"https:\/\/www.djamilaribeiro.com.br\/fr\/"},{"@type":"ListItem","position":2,"name":"Depuis juin, neuf villes ont d\u00e9j\u00e0 accueilli le lancement de la nouvelle \u00e9dition de Lugar de Fala"}]},{"@type":"WebSite","@id":"https:\/\/www.djamilaribeiro.com.br\/#website","url":"https:\/\/www.djamilaribeiro.com.br\/","name":"Djamila Ribeiro","description":"","potentialAction":[{"@type":"SearchAction","target":{"@type":"EntryPoint","urlTemplate":"https:\/\/www.djamilaribeiro.com.br\/?s={search_term_string}"},"query-input":"required name=search_term_string"}],"inLanguage":"pt-BR"},{"@type":"Person","@id":"https:\/\/www.djamilaribeiro.com.br\/#\/schema\/person\/a928f404cf733e4c62686bedd437b9ee","name":"Reda\u00e7\u00e3o","image":{"@type":"ImageObject","inLanguage":"pt-BR","@id":"https:\/\/www.djamilaribeiro.com.br\/#\/schema\/person\/image\/","url":"https:\/\/secure.gravatar.com\/avatar\/e22ea52208b383d899430021cb4ecf26?s=96&d=mm&r=g","contentUrl":"https:\/\/secure.gravatar.com\/avatar\/e22ea52208b383d899430021cb4ecf26?s=96&d=mm&r=g","caption":"Reda\u00e7\u00e3o"},"sameAs":["https:\/\/localhost"],"url":"https:\/\/www.djamilaribeiro.com.br\/fr\/author\/djamila\/"}]}},"amp_enabled":true,"_links":{"self":[{"href":"https:\/\/www.djamilaribeiro.com.br\/fr\/wp-json\/wp\/v2\/posts\/6367"}],"collection":[{"href":"https:\/\/www.djamilaribeiro.com.br\/fr\/wp-json\/wp\/v2\/posts"}],"about":[{"href":"https:\/\/www.djamilaribeiro.com.br\/fr\/wp-json\/wp\/v2\/types\/post"}],"author":[{"embeddable":true,"href":"https:\/\/www.djamilaribeiro.com.br\/fr\/wp-json\/wp\/v2\/users\/1"}],"replies":[{"embeddable":true,"href":"https:\/\/www.djamilaribeiro.com.br\/fr\/wp-json\/wp\/v2\/comments?post=6367"}],"version-history":[{"count":2,"href":"https:\/\/www.djamilaribeiro.com.br\/fr\/wp-json\/wp\/v2\/posts\/6367\/revisions"}],"predecessor-version":[{"id":6374,"href":"https:\/\/www.djamilaribeiro.com.br\/fr\/wp-json\/wp\/v2\/posts\/6367\/revisions\/6374"}],"wp:featuredmedia":[{"embeddable":true,"href":"https:\/\/www.djamilaribeiro.com.br\/fr\/wp-json\/wp\/v2\/media\/6375"}],"wp:attachment":[{"href":"https:\/\/www.djamilaribeiro.com.br\/fr\/wp-json\/wp\/v2\/media?parent=6367"}],"wp:term":[{"taxonomy":"category","embeddable":true,"href":"https:\/\/www.djamilaribeiro.com.br\/fr\/wp-json\/wp\/v2\/categories?post=6367"},{"taxonomy":"post_tag","embeddable":true,"href":"https:\/\/www.djamilaribeiro.com.br\/fr\/wp-json\/wp\/v2\/tags?post=6367"}],"curies":[{"name":"wp","href":"https:\/\/api.w.org\/{rel}","templated":true}]}}