{"id":6392,"date":"2026-09-03T16:18:58","date_gmt":"2026-09-03T19:18:58","guid":{"rendered":"https:\/\/www.djamilaribeiro.com.br\/racismo-recreativo-de-adilson-moreira-ja-esta-em-pre-venda-pela-rosa-dos-tempos\/"},"modified":"2026-09-03T18:26:12","modified_gmt":"2026-09-03T21:26:12","slug":"racisme-recreatif-adilson-moreira-precommande-rosa-dos-tempos","status":"publish","type":"post","link":"https:\/\/www.djamilaribeiro.com.br\/fr\/racisme-recreatif-adilson-moreira-precommande-rosa-dos-tempos\/","title":{"rendered":"Racismo Recreativo (Racisme r\u00e9cr\u00e9atif), d&#8217;Adilson Moreira, d\u00e9j\u00e0 en pr\u00e9commande"},"content":{"rendered":"<p dir=\"ltr\">Il s&#8217;agit du deuxi\u00e8me titre de la Cole\u00e7\u00e3o Feminismos Plurais (Collection F\u00e9minismes Pluriels), dirig\u00e9e par Djamila Ribeiro, \u00e0 para\u00eetre chez le groupe \u00e9ditorial Record<\/p>\n<p dir=\"ltr\">Djamila Ribeiro poursuit la nouvelle phase de la Cole\u00e7\u00e3o Feminismos Plurais avec la parution, chez Rosa dos Tempos, d&#8217;une \u00e9dition revue et augment\u00e9e de Racismo Recreativo, sign\u00e9e par l&#8217;auteur prim\u00e9 Adilson Moreira.<\/p>\n<p dir=\"ltr\">D\u00e9j\u00e0 en pr\u00e9commande, le livre doit para\u00eetre le 21 septembre. Publi\u00e9 pour la premi\u00e8re fois en 2019, l&#8217;ouvrage explore comment un pr\u00e9tendu humour peut servir d&#8217;instrument de reproduction des st\u00e9r\u00e9otypes et des hi\u00e9rarchies raciales.<\/p>\n<p dir=\"ltr\">Cette parution s&#8217;inscrit dans la transition \u00e9ditoriale amorc\u00e9e cette ann\u00e9e, lorsque la Cole\u00e7\u00e3o Feminismos Plurais a rejoint le groupe \u00e9ditorial Record, via son label Rosa dos Tempos. Djamila Ribeiro avait inaugur\u00e9 cette nouvelle \u00e9tape en juin avec la nouvelle \u00e9dition de Lugar de Fala (place de la parole).<\/p>\n<p dir=\"ltr\">Cr\u00e9\u00e9e en 2017, la collection rassemble des ouvrages consacr\u00e9s \u00e0 des th\u00e8mes tels que le racisme, le f\u00e9minisme, l&#8217;incarc\u00e9ration et l&#8217;appropriation culturelle, avec pour ambition de faire circuler plus largement, dans une langue accessible, les productions intellectuelles d&#8217;autrices et d&#8217;auteurs noirs.<\/p>\n<p dir=\"ltr\"><strong>Le racisme n&#8217;a rien de dr\u00f4le<\/strong><\/p>\n<p dir=\"ltr\">Dans Racismo Recreativo, le juriste Adilson Moreira analyse le rapport entre discrimination et manifestations pr\u00e9sent\u00e9es comme du divertissement, des blagues ou de simples plaisanteries. Son approche part du droit antidiscriminatoire pour examiner les crimes de racisme et d&#8217;injure raciale, ainsi que la mani\u00e8re dont la justice traite les productions culturelles et les programmes humoristiques qui reproduisent des st\u00e9r\u00e9otypes sur les personnes noires.<\/p>\n<p dir=\"ltr\">Pour l&#8217;auteur, le caract\u00e8re humoristique n&#8217;efface en rien la dimension politique de ces repr\u00e9sentations, qui peuvent renforcer des perceptions sur la place que certains groupes seraient cens\u00e9s occuper dans la soci\u00e9t\u00e9.<\/p>\n<p dir=\"ltr\">Dans un entretien accord\u00e9 au magazine br\u00e9silien CartaCapital en 2018, \u00e0 la veille de la sortie de la premi\u00e8re \u00e9dition de l&#8217;ouvrage, Moreira a d\u00e9fini le concept qui structure son analyse :<\/p>\n<blockquote>\n<p dir=\"ltr\">\u00ab Le racisme r\u00e9cr\u00e9atif d\u00e9signe une politique culturelle qui utilise l&#8217;humour pour exprimer une hostilit\u00e9 envers les minorit\u00e9s raciales. \u00bb<\/p>\n<\/blockquote>\n<p dir=\"ltr\">Son analyse s&#8217;\u00e9tend \u00e9galement aux r\u00e9seaux sociaux et aux m\u00e9dias. Dans un texte reproduit dans la pr\u00e9face de la nouvelle \u00e9dition, Brenno Tardelli, titulaire d&#8217;un master en droit, r\u00e9sume la port\u00e9e de la discussion :<\/p>\n<blockquote>\n<p dir=\"ltr\">\u00ab L&#8217;ouvrage se propose d&#8217;examiner l&#8217;humour en tant que politique d&#8217;hostilit\u00e9 envers les minorit\u00e9s raciales, que ce soit sur les r\u00e9seaux sociaux ou dans les m\u00e9dias, tout en abordant la position de la justice br\u00e9silienne sur la question. \u00bb<\/p>\n<\/blockquote>\n<p dir=\"ltr\">Le d\u00e9bat d\u00e9velopp\u00e9 par Adilson Moreira trouve \u00e9galement un \u00e9cho dans l&#8217;\u0153uvre de Djamila. Dans Pequeno Manual Antirracista (Petit manuel antiraciste), l&#8217;autrice reprend le concept de racisme r\u00e9cr\u00e9atif pour interroger la culture consomm\u00e9e au Br\u00e9sil et la persistance de personnages noirs construits \u00e0 partir de st\u00e9r\u00e9otypes.<\/p>\n<p dir=\"ltr\">Cette r\u00e9flexion situe les programmes t\u00e9l\u00e9vis\u00e9s, les telenovelas et d&#8217;autres productions culturelles dans un probl\u00e8me plus vaste : lorsque certaines images se r\u00e9p\u00e8tent comme source d&#8217;humour, elles participent aussi \u00e0 la d\u00e9finition sociale de qui peut \u00eatre pr\u00e9sent\u00e9 comme beau, intelligent, respectable ou digne d&#8217;occuper certains espaces.<\/p>\n\n\t\t<style type=\"text\/css\">\n\t\t\t#gallery-1 {\n\t\t\t\tmargin: auto;\n\t\t\t}\n\t\t\t#gallery-1 .gallery-item {\n\t\t\t\tfloat: left;\n\t\t\t\tmargin-top: 10px;\n\t\t\t\ttext-align: center;\n\t\t\t\twidth: 100%;\n\t\t\t}\n\t\t\t#gallery-1 img {\n\t\t\t\tborder: 2px solid #cfcfcf;\n\t\t\t}\n\t\t\t#gallery-1 .gallery-caption {\n\t\t\t\tmargin-left: 0;\n\t\t\t}\n\t\t\t\/* see gallery_shortcode() in wp-includes\/media.php *\/\n\t\t<\/style>\n\t\t<div id='gallery-1' class='gallery galleryid-6392 gallery-columns-1 gallery-size-large'><dl class='gallery-item'>\n\t\t\t<dt class='gallery-icon portrait'>\n\t\t\t\t<a href='https:\/\/www.djamilaribeiro.com.br\/fr\/racisme-recreatif-adilson-moreira-precommande-rosa-dos-tempos\/djamila_ribeiro_lugar_de_fala-353-2\/'><img width=\"683\" height=\"1024\" src=\"https:\/\/www.djamilaribeiro.com.br\/wp-content\/uploads\/2026\/09\/DJAMILA_RIBEIRO_Lugar_de_Fala-353-683x1024.jpg\" class=\"attachment-large size-large\" alt=\"\" decoding=\"async\" loading=\"lazy\" aria-describedby=\"gallery-1-6388\" srcset=\"https:\/\/www.djamilaribeiro.com.br\/wp-content\/uploads\/2026\/09\/DJAMILA_RIBEIRO_Lugar_de_Fala-353-683x1024.jpg 683w, https:\/\/www.djamilaribeiro.com.br\/wp-content\/uploads\/2026\/09\/DJAMILA_RIBEIRO_Lugar_de_Fala-353-200x300.jpg 200w, https:\/\/www.djamilaribeiro.com.br\/wp-content\/uploads\/2026\/09\/DJAMILA_RIBEIRO_Lugar_de_Fala-353-768x1152.jpg 768w, https:\/\/www.djamilaribeiro.com.br\/wp-content\/uploads\/2026\/09\/DJAMILA_RIBEIRO_Lugar_de_Fala-353-1024x1536.jpg 1024w, https:\/\/www.djamilaribeiro.com.br\/wp-content\/uploads\/2026\/09\/DJAMILA_RIBEIRO_Lugar_de_Fala-353-1365x2048.jpg 1365w, https:\/\/www.djamilaribeiro.com.br\/wp-content\/uploads\/2026\/09\/DJAMILA_RIBEIRO_Lugar_de_Fala-353.jpg 1414w\" sizes=\"(max-width: 683px) 100vw, 683px\" \/><\/a>\n\t\t\t<\/dt>\n\t\t\t\t<dd class='wp-caption-text gallery-caption' id='gallery-1-6388'>\n\t\t\t\tAdilson Moreira et Djamila Ribeiro lors du lancement de Lugar de Fala, \u00e0 l&#8217;Espa\u00e7o Feminismos Plurais (juin 2026)\n\t\t\t\t<\/dd><\/dl><br style=\"clear: both\" \/>\n\t\t<\/div>\n\n<p dir=\"ltr\"><strong>Du concept \u00e0 la loi<\/strong><\/p>\n<p dir=\"ltr\">Au cours des sept ann\u00e9es qui s\u00e9parent la premi\u00e8re \u00e9dition de l&#8217;actuelle, le concept a \u00e9galement gagn\u00e9 du terrain au sein du syst\u00e8me juridique br\u00e9silien. En 2023, la loi 14 532 a modifi\u00e9 la loi relative aux crimes raciaux afin de pr\u00e9voir une aggravation des peines d&#8217;un tiers \u00e0 la moiti\u00e9 lorsque les infractions sont commises dans un contexte ou dans l&#8217;intention de \u00ab d\u00e9tente, divertissement ou r\u00e9cr\u00e9ation \u00bb. L&#8217;expos\u00e9 des motifs du texte mentionne explicitement la pr\u00e9vision d&#8217;une peine pour le racisme r\u00e9cr\u00e9atif.<\/p>\n<p dir=\"ltr\">De son c\u00f4t\u00e9, le Conselho Nacional de Justi\u00e7a (Conseil national de la justice) a int\u00e9gr\u00e9 cette discussion \u00e0 son Protocolo para Julgamento com Perspectiva Racial (Protocole pour un jugement tenant compte de la perspective raciale). Le document consacre une section sp\u00e9cifique au racisme r\u00e9cr\u00e9atif, cite les travaux d&#8217;Adilson Moreira et invite les magistrates et magistrats \u00e0 prendre en compte les effets des blagues et autres manifestations apparemment anodines dans la reproduction des stigmates raciaux.<\/p>\n<p dir=\"ltr\">Le protocole souligne que ces pratiques ne doivent pas \u00eatre comprises seulement comme des comportements individuels, mais bien dans le cadre des rapports d&#8217;in\u00e9galit\u00e9 pr\u00e9sents au sein de la soci\u00e9t\u00e9.<\/p>\n<p dir=\"ltr\">Cette nouvelle \u00e9dition survient apr\u00e8s un autre jalon dans la trajectoire de Moreira. En 2025, le juriste a remport\u00e9 le prix Jabuti \u2014 l&#8217;une des plus prestigieuses distinctions litt\u00e9raires du Br\u00e9sil \u2014 dans la cat\u00e9gorie \u00c9ducation, pour Letramento racial : uma proposta de reconstru\u00e7\u00e3o da democracia brasileira (Litt\u00e9ratie raciale : une proposition de reconstruction de la d\u00e9mocratie br\u00e9silienne), publi\u00e9 par Contracorrente.<\/p>\n<p dir=\"ltr\"><em>D\u00e9couvrez l&#8217;entretien qu&#8217;Adilson Moreira a accord\u00e9 \u00e0 Brenno Tardelli en 2018, \u00e0 l&#8217;occasion de la sortie de la premi\u00e8re \u00e9dition de Racismo Recreativo<\/em> :<em> <a href=\"https:\/\/www.cartacapital.com.br\/justica\/adilson-moreira-o-humor-racista-e-um-tipo-de-discurso-de-odio\/\">https:\/\/www.cartacapital.com.br\/justica\/adilson-moreira-o-humor-racista-e-um-tipo-de-discurso-de-odio\/<\/a><\/em><\/p>\n<p dir=\"ltr\"><em>Traduit par IA<\/em><\/p>\n","protected":false},"excerpt":{"rendered":"<p>Il s&#8217;agit du deuxi\u00e8me titre de la Cole\u00e7\u00e3o Feminismos Plurais (Collection F\u00e9minismes Pluriels), dirig\u00e9e par Djamila Ribeiro, \u00e0 para\u00eetre chez le groupe \u00e9ditorial Record Djamila Ribeiro poursuit la nouvelle phase de la Cole\u00e7\u00e3o Feminismos Plurais avec la parution, chez Rosa dos Tempos, d&#8217;une \u00e9dition revue et augment\u00e9e de Racismo Recreativo, sign\u00e9e par l&#8217;auteur prim\u00e9 Adilson [&hellip;]<\/p>\n","protected":false},"author":1,"featured_media":6384,"comment_status":"open","ping_status":"open","sticky":false,"template":"","format":"standard","meta":{"inline_featured_image":false},"categories":[785],"tags":[2449,940,969,2456,1916,2455,1657,2453,1917],"acf":[],"yoast_head":"<!-- This site is optimized with the Yoast SEO plugin v20.5 - https:\/\/yoast.com\/wordpress\/plugins\/seo\/ -->\n<title>Racismo Recreativo (Racisme r\u00e9cr\u00e9atif), d&#039;Adilson Moreira, d\u00e9j\u00e0 en pr\u00e9commande - Djamila Ribeiro<\/title>\n<meta name=\"description\" content=\"Apr\u00e8s Lugar de Fala, Adilson Moreira revient chez Rosa dos Tempos, nouvelle phase de la collection dirig\u00e9e par Djamila Ribeiro.\" \/>\n<meta name=\"robots\" content=\"index, follow, max-snippet:-1, max-image-preview:large, max-video-preview:-1\" \/>\n<link rel=\"canonical\" href=\"https:\/\/www.djamilaribeiro.com.br\/fr\/racisme-recreatif-adilson-moreira-precommande-rosa-dos-tempos\/\" \/>\n<meta property=\"og:locale\" content=\"pt_BR\" \/>\n<meta property=\"og:type\" content=\"article\" \/>\n<meta property=\"og:title\" content=\"Racismo Recreativo (Racisme r\u00e9cr\u00e9atif), d&#039;Adilson Moreira, d\u00e9j\u00e0 en pr\u00e9commande - Djamila Ribeiro\" \/>\n<meta property=\"og:description\" content=\"Apr\u00e8s Lugar de Fala, Adilson Moreira revient chez Rosa dos Tempos, nouvelle phase de la collection dirig\u00e9e par Djamila Ribeiro.\" \/>\n<meta property=\"og:url\" content=\"https:\/\/www.djamilaribeiro.com.br\/fr\/racisme-recreatif-adilson-moreira-precommande-rosa-dos-tempos\/\" \/>\n<meta property=\"og:site_name\" content=\"Djamila Ribeiro\" \/>\n<meta property=\"article:published_time\" content=\"2026-09-03T19:18:58+00:00\" \/>\n<meta property=\"article:modified_time\" content=\"2026-09-03T21:26:12+00:00\" \/>\n<meta property=\"og:image\" content=\"https:\/\/www.djamilaribeiro.com.br\/wp-content\/uploads\/2026\/09\/Racismo-Recreativo.jpeg\" \/>\n\t<meta property=\"og:image:width\" content=\"1079\" \/>\n\t<meta property=\"og:image:height\" content=\"1354\" \/>\n\t<meta property=\"og:image:type\" content=\"image\/jpeg\" \/>\n<meta name=\"author\" content=\"Reda\u00e7\u00e3o\" \/>\n<meta name=\"twitter:card\" content=\"summary_large_image\" \/>\n<meta name=\"twitter:label1\" content=\"Escrito por\" \/>\n\t<meta name=\"twitter:data1\" content=\"Reda\u00e7\u00e3o\" \/>\n\t<meta name=\"twitter:label2\" content=\"Est. tempo de leitura\" \/>\n\t<meta name=\"twitter:data2\" content=\"5 minutos\" \/>\n<script type=\"application\/ld+json\" class=\"yoast-schema-graph\">{\"@context\":\"https:\/\/schema.org\",\"@graph\":[{\"@type\":\"WebPage\",\"@id\":\"https:\/\/www.djamilaribeiro.com.br\/fr\/racisme-recreatif-adilson-moreira-precommande-rosa-dos-tempos\/\",\"url\":\"https:\/\/www.djamilaribeiro.com.br\/fr\/racisme-recreatif-adilson-moreira-precommande-rosa-dos-tempos\/\",\"name\":\"Racismo Recreativo (Racisme r\u00e9cr\u00e9atif), d'Adilson Moreira, d\u00e9j\u00e0 en pr\u00e9commande - Djamila Ribeiro\",\"isPartOf\":{\"@id\":\"https:\/\/www.djamilaribeiro.com.br\/#website\"},\"datePublished\":\"2026-09-03T19:18:58+00:00\",\"dateModified\":\"2026-09-03T21:26:12+00:00\",\"author\":{\"@id\":\"https:\/\/www.djamilaribeiro.com.br\/#\/schema\/person\/a928f404cf733e4c62686bedd437b9ee\"},\"description\":\"Apr\u00e8s Lugar de Fala, Adilson Moreira revient chez Rosa dos Tempos, nouvelle phase de la collection dirig\u00e9e par Djamila Ribeiro.\",\"breadcrumb\":{\"@id\":\"https:\/\/www.djamilaribeiro.com.br\/fr\/racisme-recreatif-adilson-moreira-precommande-rosa-dos-tempos\/#breadcrumb\"},\"inLanguage\":\"pt-BR\",\"potentialAction\":[{\"@type\":\"ReadAction\",\"target\":[\"https:\/\/www.djamilaribeiro.com.br\/fr\/racisme-recreatif-adilson-moreira-precommande-rosa-dos-tempos\/\"]}]},{\"@type\":\"BreadcrumbList\",\"@id\":\"https:\/\/www.djamilaribeiro.com.br\/fr\/racisme-recreatif-adilson-moreira-precommande-rosa-dos-tempos\/#breadcrumb\",\"itemListElement\":[{\"@type\":\"ListItem\",\"position\":1,\"name\":\"In\u00edcio\",\"item\":\"https:\/\/www.djamilaribeiro.com.br\/fr\/\"},{\"@type\":\"ListItem\",\"position\":2,\"name\":\"Racismo Recreativo (Racisme r\u00e9cr\u00e9atif), d&#8217;Adilson Moreira, d\u00e9j\u00e0 en pr\u00e9commande\"}]},{\"@type\":\"WebSite\",\"@id\":\"https:\/\/www.djamilaribeiro.com.br\/#website\",\"url\":\"https:\/\/www.djamilaribeiro.com.br\/\",\"name\":\"Djamila Ribeiro\",\"description\":\"\",\"potentialAction\":[{\"@type\":\"SearchAction\",\"target\":{\"@type\":\"EntryPoint\",\"urlTemplate\":\"https:\/\/www.djamilaribeiro.com.br\/?s={search_term_string}\"},\"query-input\":\"required name=search_term_string\"}],\"inLanguage\":\"pt-BR\"},{\"@type\":\"Person\",\"@id\":\"https:\/\/www.djamilaribeiro.com.br\/#\/schema\/person\/a928f404cf733e4c62686bedd437b9ee\",\"name\":\"Reda\u00e7\u00e3o\",\"image\":{\"@type\":\"ImageObject\",\"inLanguage\":\"pt-BR\",\"@id\":\"https:\/\/www.djamilaribeiro.com.br\/#\/schema\/person\/image\/\",\"url\":\"https:\/\/secure.gravatar.com\/avatar\/e22ea52208b383d899430021cb4ecf26?s=96&d=mm&r=g\",\"contentUrl\":\"https:\/\/secure.gravatar.com\/avatar\/e22ea52208b383d899430021cb4ecf26?s=96&d=mm&r=g\",\"caption\":\"Reda\u00e7\u00e3o\"},\"sameAs\":[\"https:\/\/localhost\"],\"url\":\"https:\/\/www.djamilaribeiro.com.br\/fr\/author\/djamila\/\"}]}<\/script>\n<!-- \/ Yoast SEO plugin. -->","yoast_head_json":{"title":"Racismo Recreativo (Racisme r\u00e9cr\u00e9atif), d'Adilson Moreira, d\u00e9j\u00e0 en pr\u00e9commande - Djamila Ribeiro","description":"Apr\u00e8s Lugar de Fala, Adilson Moreira revient chez Rosa dos Tempos, nouvelle phase de la collection dirig\u00e9e par Djamila Ribeiro.","robots":{"index":"index","follow":"follow","max-snippet":"max-snippet:-1","max-image-preview":"max-image-preview:large","max-video-preview":"max-video-preview:-1"},"canonical":"https:\/\/www.djamilaribeiro.com.br\/fr\/racisme-recreatif-adilson-moreira-precommande-rosa-dos-tempos\/","og_locale":"pt_BR","og_type":"article","og_title":"Racismo Recreativo (Racisme r\u00e9cr\u00e9atif), d'Adilson Moreira, d\u00e9j\u00e0 en pr\u00e9commande - Djamila Ribeiro","og_description":"Apr\u00e8s Lugar de Fala, Adilson Moreira revient chez Rosa dos Tempos, nouvelle phase de la collection dirig\u00e9e par Djamila Ribeiro.","og_url":"https:\/\/www.djamilaribeiro.com.br\/fr\/racisme-recreatif-adilson-moreira-precommande-rosa-dos-tempos\/","og_site_name":"Djamila Ribeiro","article_published_time":"2026-09-03T19:18:58+00:00","article_modified_time":"2026-09-03T21:26:12+00:00","og_image":[{"width":1079,"height":1354,"url":"https:\/\/www.djamilaribeiro.com.br\/wp-content\/uploads\/2026\/09\/Racismo-Recreativo.jpeg","type":"image\/jpeg"}],"author":"Reda\u00e7\u00e3o","twitter_card":"summary_large_image","twitter_misc":{"Escrito por":"Reda\u00e7\u00e3o","Est. tempo de leitura":"5 minutos"},"schema":{"@context":"https:\/\/schema.org","@graph":[{"@type":"WebPage","@id":"https:\/\/www.djamilaribeiro.com.br\/fr\/racisme-recreatif-adilson-moreira-precommande-rosa-dos-tempos\/","url":"https:\/\/www.djamilaribeiro.com.br\/fr\/racisme-recreatif-adilson-moreira-precommande-rosa-dos-tempos\/","name":"Racismo Recreativo (Racisme r\u00e9cr\u00e9atif), d'Adilson Moreira, d\u00e9j\u00e0 en pr\u00e9commande - Djamila Ribeiro","isPartOf":{"@id":"https:\/\/www.djamilaribeiro.com.br\/#website"},"datePublished":"2026-09-03T19:18:58+00:00","dateModified":"2026-09-03T21:26:12+00:00","author":{"@id":"https:\/\/www.djamilaribeiro.com.br\/#\/schema\/person\/a928f404cf733e4c62686bedd437b9ee"},"description":"Apr\u00e8s Lugar de Fala, Adilson Moreira revient chez Rosa dos Tempos, nouvelle phase de la collection dirig\u00e9e par Djamila Ribeiro.","breadcrumb":{"@id":"https:\/\/www.djamilaribeiro.com.br\/fr\/racisme-recreatif-adilson-moreira-precommande-rosa-dos-tempos\/#breadcrumb"},"inLanguage":"pt-BR","potentialAction":[{"@type":"ReadAction","target":["https:\/\/www.djamilaribeiro.com.br\/fr\/racisme-recreatif-adilson-moreira-precommande-rosa-dos-tempos\/"]}]},{"@type":"BreadcrumbList","@id":"https:\/\/www.djamilaribeiro.com.br\/fr\/racisme-recreatif-adilson-moreira-precommande-rosa-dos-tempos\/#breadcrumb","itemListElement":[{"@type":"ListItem","position":1,"name":"In\u00edcio","item":"https:\/\/www.djamilaribeiro.com.br\/fr\/"},{"@type":"ListItem","position":2,"name":"Racismo Recreativo (Racisme r\u00e9cr\u00e9atif), d&#8217;Adilson Moreira, d\u00e9j\u00e0 en pr\u00e9commande"}]},{"@type":"WebSite","@id":"https:\/\/www.djamilaribeiro.com.br\/#website","url":"https:\/\/www.djamilaribeiro.com.br\/","name":"Djamila Ribeiro","description":"","potentialAction":[{"@type":"SearchAction","target":{"@type":"EntryPoint","urlTemplate":"https:\/\/www.djamilaribeiro.com.br\/?s={search_term_string}"},"query-input":"required name=search_term_string"}],"inLanguage":"pt-BR"},{"@type":"Person","@id":"https:\/\/www.djamilaribeiro.com.br\/#\/schema\/person\/a928f404cf733e4c62686bedd437b9ee","name":"Reda\u00e7\u00e3o","image":{"@type":"ImageObject","inLanguage":"pt-BR","@id":"https:\/\/www.djamilaribeiro.com.br\/#\/schema\/person\/image\/","url":"https:\/\/secure.gravatar.com\/avatar\/e22ea52208b383d899430021cb4ecf26?s=96&d=mm&r=g","contentUrl":"https:\/\/secure.gravatar.com\/avatar\/e22ea52208b383d899430021cb4ecf26?s=96&d=mm&r=g","caption":"Reda\u00e7\u00e3o"},"sameAs":["https:\/\/localhost"],"url":"https:\/\/www.djamilaribeiro.com.br\/fr\/author\/djamila\/"}]}},"amp_enabled":true,"_links":{"self":[{"href":"https:\/\/www.djamilaribeiro.com.br\/fr\/wp-json\/wp\/v2\/posts\/6392"}],"collection":[{"href":"https:\/\/www.djamilaribeiro.com.br\/fr\/wp-json\/wp\/v2\/posts"}],"about":[{"href":"https:\/\/www.djamilaribeiro.com.br\/fr\/wp-json\/wp\/v2\/types\/post"}],"author":[{"embeddable":true,"href":"https:\/\/www.djamilaribeiro.com.br\/fr\/wp-json\/wp\/v2\/users\/1"}],"replies":[{"embeddable":true,"href":"https:\/\/www.djamilaribeiro.com.br\/fr\/wp-json\/wp\/v2\/comments?post=6392"}],"version-history":[{"count":2,"href":"https:\/\/www.djamilaribeiro.com.br\/fr\/wp-json\/wp\/v2\/posts\/6392\/revisions"}],"predecessor-version":[{"id":6397,"href":"https:\/\/www.djamilaribeiro.com.br\/fr\/wp-json\/wp\/v2\/posts\/6392\/revisions\/6397"}],"wp:featuredmedia":[{"embeddable":true,"href":"https:\/\/www.djamilaribeiro.com.br\/fr\/wp-json\/wp\/v2\/media\/6384"}],"wp:attachment":[{"href":"https:\/\/www.djamilaribeiro.com.br\/fr\/wp-json\/wp\/v2\/media?parent=6392"}],"wp:term":[{"taxonomy":"category","embeddable":true,"href":"https:\/\/www.djamilaribeiro.com.br\/fr\/wp-json\/wp\/v2\/categories?post=6392"},{"taxonomy":"post_tag","embeddable":true,"href":"https:\/\/www.djamilaribeiro.com.br\/fr\/wp-json\/wp\/v2\/tags?post=6392"}],"curies":[{"name":"wp","href":"https:\/\/api.w.org\/{rel}","templated":true}]}}